{"id":153,"date":"2016-09-27T21:11:10","date_gmt":"2016-09-27T19:11:10","guid":{"rendered":"https:\/\/www.freunde-stadtbuecherei.de\/wp\/?p=153"},"modified":"2017-07-16T17:44:59","modified_gmt":"2017-07-16T15:44:59","slug":"exkursion-der-stadtverwaltung-besichtigung-ehningen-und-radolfzell","status":"publish","type":"post","link":"https:\/\/www.freunde-stadtbuecherei.de\/wp\/?p=153","title":{"rendered":"Exkursion der Stadtverwaltung: Besichtigung Ehningen und Radolfzell"},"content":{"rendered":"<p>Am Samstag, 24. September 2016, organisierte die Stadtverwaltung eine Informationsfahrt zu Bibliotheken, die in umgenutzten Geb\u00e4uden auf mehreren Ebenen untergebracht sind. Der Oberb\u00fcrgermeister hatte Gemeinder\u00e4te, Vertreter der Lokalen Agenda, des Weststadtvereins, des Freundeskreises der Stadtb\u00fccherei, des Seniorenforums und B\u00fcchereikunden eingeladen.<\/p>\n<div id=\"attachment_156\" style=\"width: 310px\" class=\"wp-caption alignnone\"><a href=\"https:\/\/www.freunde-stadtbuecherei.de\/wp\/wp-content\/uploads\/2016\/09\/P1000739.jpg\"><img loading=\"lazy\" decoding=\"async\" aria-describedby=\"caption-attachment-156\" class=\"wp-image-156 size-medium\" src=\"https:\/\/www.freunde-stadtbuecherei.de\/wp\/wp-content\/uploads\/2016\/09\/P1000739-300x225.jpg\" alt=\"Ehningen B\u00fccherei innen\" width=\"300\" height=\"225\" srcset=\"https:\/\/www.freunde-stadtbuecherei.de\/wp\/wp-content\/uploads\/2016\/09\/P1000739-300x225.jpg 300w, https:\/\/www.freunde-stadtbuecherei.de\/wp\/wp-content\/uploads\/2016\/09\/P1000739-768x576.jpg 768w, https:\/\/www.freunde-stadtbuecherei.de\/wp\/wp-content\/uploads\/2016\/09\/P1000739-1024x768.jpg 1024w\" sizes=\"auto, (max-width: 300px) 100vw, 300px\" \/><\/a><p id=\"caption-attachment-156\" class=\"wp-caption-text\">Ehningen B\u00fccherei innen.<\/p><\/div>\n<p>In <strong><a href=\"http:\/\/www.buecherei-ehningen.de\/\">Ehningen<\/a><\/strong>\u00a0bei B\u00f6blingen (ca. 8.000 Einwohner) wurde\u00a02015 ein historisches\u00a0Wohnhaus zur\u00a0B\u00fccherei umgebaut. F\u00fcr die B\u00fccherei bedeutete dies eine enorme Verbesserung, die von der Bev\u00f6lkerung von Anfang an sehr gut angenommen wurde. Von au\u00dfen ergibt sich ein sch\u00f6nes Bild aus renoviertem Fachwerkhaus und zeitgem\u00e4\u00dfem\u00a0Anbau. Im Geb\u00e4ude zeigte sich allerdings, dass diese Art von Geb\u00e4uden auch eine Herausforderung f\u00fcr die heutigen Nutzer darstellt: Das denkmalgesch\u00fctzte Haus ist in kleine Einheiten unterteilt, hat sehr niedrige Decken, viele Balken und schmale Durchg\u00e4nge. Das gibt dem Haus einen eigenen Charme, begrenzt allerdings die Stellfl\u00e4che f\u00fcr Regale. Zwar gibt es einen\u00a0Aufzug, doch ist der Zugang mit Rollstuhl und Kinderwagen durch die engen G\u00e4nge nicht einfach. Die B\u00fccherei in Ehningen hat ca. 600 qm f\u00fcr 26.000 B\u00fccher zur Verf\u00fcgung. Die engagierte B\u00fcchereileitung berichtete \u00fcberzeugend vom Erfolg der Einrichtung, wies aber auch darauf hin, dass es in dem mehrst\u00f6ckigen Haus schwierig ist, die Kunden mit dem gleichen Personal genauso gut zu betreuen wie bisher. Die neue\u00a0B\u00fccherei in Ehningen ist eine tolle Verbesserung zum fr\u00fcheren\u00a0Zustand, als die B\u00fccherei nur zwei Klassenzimmer nutzen durfte. Gleichzeitig sahen wir aber einige Bedenken gegen\u00fcber dem Standort \u201eAlte Meierei\u201c in der Archivstra\u00dfe 4 best\u00e4tigt.\u00a0Wir f\u00fcrchten, dass es dort schwierig wird, alle 60.000 Medien auf den 1.200 qm unterzubringen, weil in diesem Geb\u00e4udetyp viel mehr Fl\u00e4che auf Verkehrswege entf\u00e4llt und die Aufstellm\u00f6glichkeiten f\u00fcr B\u00fccherregale eingeschr\u00e4nkt sind.<\/p>\n<div id=\"attachment_155\" style=\"width: 310px\" class=\"wp-caption alignnone\"><a href=\"https:\/\/www.freunde-stadtbuecherei.de\/wp\/wp-content\/uploads\/2016\/09\/P1000729.jpg\"><img loading=\"lazy\" decoding=\"async\" aria-describedby=\"caption-attachment-155\" class=\"wp-image-155 size-medium\" src=\"https:\/\/www.freunde-stadtbuecherei.de\/wp\/wp-content\/uploads\/2016\/09\/P1000729-300x225.jpg\" alt=\"Ehningen B\u00fccherei au\u00dfen\" width=\"300\" height=\"225\" srcset=\"https:\/\/www.freunde-stadtbuecherei.de\/wp\/wp-content\/uploads\/2016\/09\/P1000729-300x225.jpg 300w, https:\/\/www.freunde-stadtbuecherei.de\/wp\/wp-content\/uploads\/2016\/09\/P1000729-768x576.jpg 768w, https:\/\/www.freunde-stadtbuecherei.de\/wp\/wp-content\/uploads\/2016\/09\/P1000729-1024x768.jpg 1024w\" sizes=\"auto, (max-width: 300px) 100vw, 300px\" \/><\/a><p id=\"caption-attachment-155\" class=\"wp-caption-text\">Ehningen B\u00fccherei au\u00dfen.<\/p><\/div>\n<p>Die zweite Station war <strong><a href=\"http:\/\/www.radolfzell.de\/stadtbibliothek\">Radolfzell<\/a><\/strong>. Die Stadt am Bodensee hat ihr <a href=\"https:\/\/de.wikipedia.org\/wiki\/%C3%96sterreichisches_Schl%C3%B6sschen\">\u00d6sterreichisches Schl\u00f6sschen<\/a> f\u00fcr die B\u00fccherei renoviert. Es ist ein wundersch\u00f6nes B\u00fccherschloss mit tollem Bodensee-Blick aus dem obersten Geschoss. Allerdings kann man es\u00a0nicht ernsthaft\u00a0mit der Schorndorfer Option in der Archivstra\u00dfe 4 vergleichen. Das beginnt beim vielzitierten Dachgeschoss, das wesentlich gr\u00f6\u00dfer und h\u00f6her ist als das\u00a0der alten Meierei. \u00dcber dem obersten Geschoss ist noch ein halboffener Dachboden, der nicht genutzt wird. Auch die Gr\u00f6\u00dfenverh\u00e4ltnisse unterscheiden sich. Radolfzell hat ca. 1.100 qm f\u00fcr 46.000 B\u00fccher und andere Medien. In Schorndorf m\u00fcssten auf etwa derselben Fl\u00e4che 1,3-mal so viele Medien stehen. Auch die Raumstruktur ist v\u00f6llig anders. In Radolfzell handelt es sich um ein repr\u00e4sentatives Geb\u00e4ude mit hohen Decken, ann\u00e4hernd quadratischen Fl\u00e4chen und luftigen R\u00e4umen. Die Verteilung der Bibliothek auf viele Etagen hat den Vorteil, dass einzelne Abteilungen gebildet werden k\u00f6nnen. Aber sie bedingt auch lange Wege f\u00fcr die Kunden und das Personal. Die Bibliothek ist sehr beliebt, doch in einer Kundenbefragung musste sie\u00a0j\u00fcngst ein unterdurchschnittliches\u00a0Ergebnis beim Thema \u201eKundenservice\u201c hinnehmen. Das ist verst\u00e4ndlich, wenn von f\u00fcnf Etagen nur zwei mit Personal ausgestattet sind. Das w\u00e4re also auch bei uns ein Problem. Wir k\u00f6nnen die Sch\u00f6nheit dieser B\u00fccherei durchaus best\u00e4tigen. Aber die R\u00e4ume lassen sich nicht mit der alten Meierei vergleichen und die bef\u00fcrchteten Schwierigkeiten sehen wir best\u00e4tigt.<\/p>\n<div id=\"attachment_162\" style=\"width: 209px\" class=\"wp-caption alignnone\"><a href=\"https:\/\/www.freunde-stadtbuecherei.de\/wp\/wp-content\/uploads\/2016\/09\/IMGP7421.jpg\"><img loading=\"lazy\" decoding=\"async\" aria-describedby=\"caption-attachment-162\" class=\"wp-image-162 size-medium\" src=\"https:\/\/www.freunde-stadtbuecherei.de\/wp\/wp-content\/uploads\/2016\/09\/IMGP7421-e1475004313812-199x300.jpg\" alt=\"Bibliothek Radolfzell Obergeschoss\" width=\"199\" height=\"300\" srcset=\"https:\/\/www.freunde-stadtbuecherei.de\/wp\/wp-content\/uploads\/2016\/09\/IMGP7421-e1475004313812-199x300.jpg 199w, https:\/\/www.freunde-stadtbuecherei.de\/wp\/wp-content\/uploads\/2016\/09\/IMGP7421-e1475004313812-768x1156.jpg 768w, https:\/\/www.freunde-stadtbuecherei.de\/wp\/wp-content\/uploads\/2016\/09\/IMGP7421-e1475004313812-680x1024.jpg 680w\" sizes=\"auto, (max-width: 199px) 100vw, 199px\" \/><\/a><p id=\"caption-attachment-162\" class=\"wp-caption-text\">Bibliothek Radolfzell Obergeschoss.<\/p><\/div>\n<div id=\"attachment_160\" style=\"width: 241px\" class=\"wp-caption alignnone\"><a href=\"https:\/\/www.freunde-stadtbuecherei.de\/wp\/wp-content\/uploads\/2016\/09\/IMGP7400-e1475004522508.jpg\"><img loading=\"lazy\" decoding=\"async\" aria-describedby=\"caption-attachment-160\" class=\"wp-image-160 size-medium\" src=\"https:\/\/www.freunde-stadtbuecherei.de\/wp\/wp-content\/uploads\/2016\/09\/IMGP7400-e1475005945962-231x300.jpg\" alt=\"Bibliothek Radolfzell au\u00dfen\" width=\"231\" height=\"300\" srcset=\"https:\/\/www.freunde-stadtbuecherei.de\/wp\/wp-content\/uploads\/2016\/09\/IMGP7400-e1475005945962-231x300.jpg 231w, https:\/\/www.freunde-stadtbuecherei.de\/wp\/wp-content\/uploads\/2016\/09\/IMGP7400-e1475005945962-768x999.jpg 768w, https:\/\/www.freunde-stadtbuecherei.de\/wp\/wp-content\/uploads\/2016\/09\/IMGP7400-e1475005945962-787x1024.jpg 787w\" sizes=\"auto, (max-width: 231px) 100vw, 231px\" \/><\/a><p id=\"caption-attachment-160\" class=\"wp-caption-text\">Bibliothek Radolfzell au\u00dfen.<\/p><\/div>\n<p><strong>Fazit:<\/strong>\u00a0 Es war ein interessanter Tag mit vielen Eindr\u00fccken. Beide Kommunen wurden durch die neuen Bibliotheken nachhaltig bereichert. In beiden besichtigten B\u00fcchereien gab es seinerzeit keine Standortalternativen. Insofern begl\u00fcckw\u00fcnschen wir sie zu der erreichten Verbesserung. In unserer Stadt gibt es aber eine Wahlm\u00f6glichkeit. Im G\u00fcterbahnhof k\u00f6nnten wir eine moderne, \u00fcbersichtliche und flexible B\u00fccherei mit kurzen Wegen f\u00fcr die Kunden und die Mitarbeiterinnen bekommen. Wir sind weiterhin der Meinung: F\u00fcr unsere neue Stadtb\u00fccherei eignet sich\u00a0der G\u00fcterbahnhof besser als die alte Meierei!<\/p>\n","protected":false},"excerpt":{"rendered":"<p>Am Samstag, 24. September 2016, organisierte die Stadtverwaltung eine Informationsfahrt zu Bibliotheken, die in umgenutzten Geb\u00e4uden auf mehreren Ebenen untergebracht <a class=\"more-link\" href=\"https:\/\/www.freunde-stadtbuecherei.de\/wp\/?p=153\">Weiterlesen\u00a0\u2026<\/a><\/p>\n","protected":false},"author":1,"featured_media":155,"comment_status":"closed","ping_status":"closed","sticky":false,"template":"","format":"standard","meta":{"footnotes":""},"categories":[8,10,4],"tags":[],"class_list":["post-153","post","type-post","status-publish","format-standard","has-post-thumbnail","hentry","category-archiv","category-neubauplanung-archivstrasse","category-veranstaltung"],"_links":{"self":[{"href":"https:\/\/www.freunde-stadtbuecherei.de\/wp\/index.php?rest_route=\/wp\/v2\/posts\/153","targetHints":{"allow":["GET"]}}],"collection":[{"href":"https:\/\/www.freunde-stadtbuecherei.de\/wp\/index.php?rest_route=\/wp\/v2\/posts"}],"about":[{"href":"https:\/\/www.freunde-stadtbuecherei.de\/wp\/index.php?rest_route=\/wp\/v2\/types\/post"}],"author":[{"embeddable":true,"href":"https:\/\/www.freunde-stadtbuecherei.de\/wp\/index.php?rest_route=\/wp\/v2\/users\/1"}],"replies":[{"embeddable":true,"href":"https:\/\/www.freunde-stadtbuecherei.de\/wp\/index.php?rest_route=%2Fwp%2Fv2%2Fcomments&post=153"}],"version-history":[{"count":10,"href":"https:\/\/www.freunde-stadtbuecherei.de\/wp\/index.php?rest_route=\/wp\/v2\/posts\/153\/revisions"}],"predecessor-version":[{"id":180,"href":"https:\/\/www.freunde-stadtbuecherei.de\/wp\/index.php?rest_route=\/wp\/v2\/posts\/153\/revisions\/180"}],"wp:featuredmedia":[{"embeddable":true,"href":"https:\/\/www.freunde-stadtbuecherei.de\/wp\/index.php?rest_route=\/wp\/v2\/media\/155"}],"wp:attachment":[{"href":"https:\/\/www.freunde-stadtbuecherei.de\/wp\/index.php?rest_route=%2Fwp%2Fv2%2Fmedia&parent=153"}],"wp:term":[{"taxonomy":"category","embeddable":true,"href":"https:\/\/www.freunde-stadtbuecherei.de\/wp\/index.php?rest_route=%2Fwp%2Fv2%2Fcategories&post=153"},{"taxonomy":"post_tag","embeddable":true,"href":"https:\/\/www.freunde-stadtbuecherei.de\/wp\/index.php?rest_route=%2Fwp%2Fv2%2Ftags&post=153"}],"curies":[{"name":"wp","href":"https:\/\/api.w.org\/{rel}","templated":true}]}}