{"id":393,"date":"2017-09-26T20:20:53","date_gmt":"2017-09-26T18:20:53","guid":{"rendered":"https:\/\/www.freunde-stadtbuecherei.de\/wp\/?p=393"},"modified":"2017-10-02T15:49:41","modified_gmt":"2017-10-02T13:49:41","slug":"stadtbuecherei-im-gemeinderat-28-09-2017","status":"publish","type":"post","link":"https:\/\/www.freunde-stadtbuecherei.de\/wp\/?p=393","title":{"rendered":"Stadtb\u00fccherei im Gemeinderat 28.09.2017"},"content":{"rendered":"<p>Sind Sie auch gespannt, wie es mit dem geplanten B\u00fcchereineubau weitergeht?<\/p>\n<p>Im Fr\u00fchjahr entschied eine Jury, welcher Entwurf f\u00fcr die Archivstra\u00dfe 4 weiter geplant und untersucht werden soll. Am Donnerstag, 28. September werden die Architekten das Ergebnis dem Gemeinderat und der \u00d6ffentlichkeit vorstellen. Die Sitzung ist \u00f6ffentlich, der betreffende Tagesordnungspunkt ist gegen 18.30 Uhr geplant. Die Sitzung findet wie immer im gro\u00dfen Sitzungssaal des Rathauses, Marktplatz 1 statt. Die Tagesordnung und die Sitzungsunterlagen finden Sie im Ratsinformationssystem, hier ist der direkte Link: <a href=\"https:\/\/schorndorf.ratsinfomanagement.net\/tops\/?__=LfyIfvCWq8SpBQj0MlyKaxEaz8Uv5UGJ\">https:\/\/schorndorf.ratsinfomanagement.net\/tops\/?__=LfyIfvCWq8SpBQj0MlyKaxEaz8Uv5UGJ<\/a><\/p>\n<p>Herzliche Einladung!<\/p>\n","protected":false},"excerpt":{"rendered":"<p>Sind Sie auch gespannt, wie es mit dem geplanten B\u00fcchereineubau weitergeht? Im Fr\u00fchjahr entschied eine Jury, welcher Entwurf f\u00fcr die <a class=\"more-link\" href=\"https:\/\/www.freunde-stadtbuecherei.de\/wp\/?p=393\">Weiterlesen\u00a0\u2026<\/a><\/p>\n","protected":false},"author":1,"featured_media":0,"comment_status":"closed","ping_status":"closed","sticky":false,"template":"","format":"standard","meta":{"footnotes":""},"categories":[8,10,4],"tags":[],"class_list":["post-393","post","type-post","status-publish","format-standard","hentry","category-archiv","category-neubauplanung-archivstrasse","category-veranstaltung"],"_links":{"self":[{"href":"https:\/\/www.freunde-stadtbuecherei.de\/wp\/index.php?rest_route=\/wp\/v2\/posts\/393","targetHints":{"allow":["GET"]}}],"collection":[{"href":"https:\/\/www.freunde-stadtbuecherei.de\/wp\/index.php?rest_route=\/wp\/v2\/posts"}],"about":[{"href":"https:\/\/www.freunde-stadtbuecherei.de\/wp\/index.php?rest_route=\/wp\/v2\/types\/post"}],"author":[{"embeddable":true,"href":"https:\/\/www.freunde-stadtbuecherei.de\/wp\/index.php?rest_route=\/wp\/v2\/users\/1"}],"replies":[{"embeddable":true,"href":"https:\/\/www.freunde-stadtbuecherei.de\/wp\/index.php?rest_route=%2Fwp%2Fv2%2Fcomments&post=393"}],"version-history":[{"count":1,"href":"https:\/\/www.freunde-stadtbuecherei.de\/wp\/index.php?rest_route=\/wp\/v2\/posts\/393\/revisions"}],"predecessor-version":[{"id":394,"href":"https:\/\/www.freunde-stadtbuecherei.de\/wp\/index.php?rest_route=\/wp\/v2\/posts\/393\/revisions\/394"}],"wp:attachment":[{"href":"https:\/\/www.freunde-stadtbuecherei.de\/wp\/index.php?rest_route=%2Fwp%2Fv2%2Fmedia&parent=393"}],"wp:term":[{"taxonomy":"category","embeddable":true,"href":"https:\/\/www.freunde-stadtbuecherei.de\/wp\/index.php?rest_route=%2Fwp%2Fv2%2Fcategories&post=393"},{"taxonomy":"post_tag","embeddable":true,"href":"https:\/\/www.freunde-stadtbuecherei.de\/wp\/index.php?rest_route=%2Fwp%2Fv2%2Ftags&post=393"}],"curies":[{"name":"wp","href":"https:\/\/api.w.org\/{rel}","templated":true}]}}