{"id":491,"date":"2018-12-18T20:28:53","date_gmt":"2018-12-18T19:28:53","guid":{"rendered":"https:\/\/www.freunde-stadtbuecherei.de\/wp\/?p=491"},"modified":"2019-02-05T20:19:48","modified_gmt":"2019-02-05T19:19:48","slug":"mitgliederversammlung-am-12-maerz-2019-termin-vormerken","status":"publish","type":"post","link":"https:\/\/www.freunde-stadtbuecherei.de\/wp\/?p=491","title":{"rendered":"Mitgliederversammlung am 12. M\u00e4rz 2019 \u2013 Termin vormerken"},"content":{"rendered":"\n<p>Liebe Freunde der Stadtb\u00fccherei Schorndorf,<\/p>\n\n\n\n<p>wie gewohnt m\u00f6chte ich sie im M\u00e4rz wieder zu einer Mitgliederversammlung unseres Vereins einladen:<\/p>\n\n\n\n<p>Dienstag, 12. M\u00e4rz 2019, 19:30 in der Stadtb\u00fccherei.<\/p>\n\n\n\n<p>Eine richtige Einladung mit Tagesordnung folgt dann im neuen Jahr!<br><\/p>\n\n\n\n<p>Ich w\u00fcnschen Ihnen frohe und entspannte Feiertage und einen guten Start ins neue Jahr!<\/p>\n\n\n\n<p>Herzliche Gr\u00fc\u00dfe<br>Sarah Sch\u00e4fer<br>Vorstand Freunde der Stadtb\u00fccherei Schorndorf e.V.<\/p>\n","protected":false},"excerpt":{"rendered":"<p>Liebe Freunde der Stadtb\u00fccherei Schorndorf, wie gewohnt m\u00f6chte ich sie im M\u00e4rz wieder zu einer Mitgliederversammlung unseres Vereins einladen: Dienstag, <a class=\"more-link\" href=\"https:\/\/www.freunde-stadtbuecherei.de\/wp\/?p=491\">Weiterlesen\u00a0\u2026<\/a><\/p>\n","protected":false},"author":1,"featured_media":0,"comment_status":"closed","ping_status":"closed","sticky":false,"template":"","format":"standard","meta":{"footnotes":""},"categories":[8,12],"tags":[],"class_list":["post-491","post","type-post","status-publish","format-standard","hentry","category-archiv","category-verein-allgemein"],"_links":{"self":[{"href":"https:\/\/www.freunde-stadtbuecherei.de\/wp\/index.php?rest_route=\/wp\/v2\/posts\/491","targetHints":{"allow":["GET"]}}],"collection":[{"href":"https:\/\/www.freunde-stadtbuecherei.de\/wp\/index.php?rest_route=\/wp\/v2\/posts"}],"about":[{"href":"https:\/\/www.freunde-stadtbuecherei.de\/wp\/index.php?rest_route=\/wp\/v2\/types\/post"}],"author":[{"embeddable":true,"href":"https:\/\/www.freunde-stadtbuecherei.de\/wp\/index.php?rest_route=\/wp\/v2\/users\/1"}],"replies":[{"embeddable":true,"href":"https:\/\/www.freunde-stadtbuecherei.de\/wp\/index.php?rest_route=%2Fwp%2Fv2%2Fcomments&post=491"}],"version-history":[{"count":2,"href":"https:\/\/www.freunde-stadtbuecherei.de\/wp\/index.php?rest_route=\/wp\/v2\/posts\/491\/revisions"}],"predecessor-version":[{"id":493,"href":"https:\/\/www.freunde-stadtbuecherei.de\/wp\/index.php?rest_route=\/wp\/v2\/posts\/491\/revisions\/493"}],"wp:attachment":[{"href":"https:\/\/www.freunde-stadtbuecherei.de\/wp\/index.php?rest_route=%2Fwp%2Fv2%2Fmedia&parent=491"}],"wp:term":[{"taxonomy":"category","embeddable":true,"href":"https:\/\/www.freunde-stadtbuecherei.de\/wp\/index.php?rest_route=%2Fwp%2Fv2%2Fcategories&post=491"},{"taxonomy":"post_tag","embeddable":true,"href":"https:\/\/www.freunde-stadtbuecherei.de\/wp\/index.php?rest_route=%2Fwp%2Fv2%2Ftags&post=491"}],"curies":[{"name":"wp","href":"https:\/\/api.w.org\/{rel}","templated":true}]}}