{"id":630,"date":"2020-06-11T11:05:33","date_gmt":"2020-06-11T09:05:33","guid":{"rendered":"https:\/\/www.freunde-stadtbuecherei.de\/wp\/?p=630"},"modified":"2021-02-12T19:32:47","modified_gmt":"2021-02-12T18:32:47","slug":"besuch-in-der-stadtbuecherei","status":"publish","type":"post","link":"https:\/\/www.freunde-stadtbuecherei.de\/wp\/?p=630","title":{"rendered":"Besuch in der Stadtb\u00fccherei"},"content":{"rendered":"\n<p>Seit sieben Wochen hat die Stadtb\u00fccherei wieder ge\u00f6ffnet. Es gelten die \u00fcblichen Hygiene- und Abstandsregelungen. Die Ausleihe und R\u00fccknahme l\u00e4uft regul\u00e4r. Auf l\u00e4ngeren Aufenthalt z.B. zum Lesen und Arbeiten muss verzichtet werden. Wir beobachten, dass die Mittags- und Abendstunden am ruhigsten sind. In dieser Zeit werden Sie in der Regel ohne Warteschlangen bedient und haben kaum Kontakt mit anderen Lesern. Auf Wunsch stellen wir Ihnen auch bis zu f\u00fcnf verf\u00fcgbare Wunschtitel zusammen, so dass Sie sie direkt abholen (lassen) k\u00f6nnen.<\/p>\n","protected":false},"excerpt":{"rendered":"<p>Seit sieben Wochen hat die Stadtb\u00fccherei wieder ge\u00f6ffnet. Es gelten die \u00fcblichen Hygiene- und Abstandsregelungen. Die Ausleihe und R\u00fccknahme l\u00e4uft <a class=\"more-link\" href=\"https:\/\/www.freunde-stadtbuecherei.de\/wp\/?p=630\">Weiterlesen\u00a0\u2026<\/a><\/p>\n","protected":false},"author":1,"featured_media":0,"comment_status":"closed","ping_status":"closed","sticky":false,"template":"","format":"standard","meta":{"footnotes":""},"categories":[8,5],"tags":[],"class_list":["post-630","post","type-post","status-publish","format-standard","hentry","category-archiv","category-allgemein"],"_links":{"self":[{"href":"https:\/\/www.freunde-stadtbuecherei.de\/wp\/index.php?rest_route=\/wp\/v2\/posts\/630","targetHints":{"allow":["GET"]}}],"collection":[{"href":"https:\/\/www.freunde-stadtbuecherei.de\/wp\/index.php?rest_route=\/wp\/v2\/posts"}],"about":[{"href":"https:\/\/www.freunde-stadtbuecherei.de\/wp\/index.php?rest_route=\/wp\/v2\/types\/post"}],"author":[{"embeddable":true,"href":"https:\/\/www.freunde-stadtbuecherei.de\/wp\/index.php?rest_route=\/wp\/v2\/users\/1"}],"replies":[{"embeddable":true,"href":"https:\/\/www.freunde-stadtbuecherei.de\/wp\/index.php?rest_route=%2Fwp%2Fv2%2Fcomments&post=630"}],"version-history":[{"count":1,"href":"https:\/\/www.freunde-stadtbuecherei.de\/wp\/index.php?rest_route=\/wp\/v2\/posts\/630\/revisions"}],"predecessor-version":[{"id":631,"href":"https:\/\/www.freunde-stadtbuecherei.de\/wp\/index.php?rest_route=\/wp\/v2\/posts\/630\/revisions\/631"}],"wp:attachment":[{"href":"https:\/\/www.freunde-stadtbuecherei.de\/wp\/index.php?rest_route=%2Fwp%2Fv2%2Fmedia&parent=630"}],"wp:term":[{"taxonomy":"category","embeddable":true,"href":"https:\/\/www.freunde-stadtbuecherei.de\/wp\/index.php?rest_route=%2Fwp%2Fv2%2Fcategories&post=630"},{"taxonomy":"post_tag","embeddable":true,"href":"https:\/\/www.freunde-stadtbuecherei.de\/wp\/index.php?rest_route=%2Fwp%2Fv2%2Ftags&post=630"}],"curies":[{"name":"wp","href":"https:\/\/api.w.org\/{rel}","templated":true}]}}